{"id":4154,"date":"2019-05-10T15:06:38","date_gmt":"2019-05-10T13:06:38","guid":{"rendered":"http:\/\/www.italfil.it\/2019-italfil-partner-of-bmw-team-italia\/"},"modified":"2019-05-13T09:52:32","modified_gmt":"2019-05-13T07:52:32","slug":"2019-italfil-partner-of-bmw-team-italia","status":"publish","type":"post","link":"https:\/\/www.italfil.it\/it\/2019-italfil-partner-of-bmw-team-italia\/","title":{"rendered":"2019- Italfil \u00e8 partner ufficiale del BMW Team Italia"},"content":{"rendered":"<p>Italfil \u00e8 partner ufficiale del BMW Team Italia per la stagione 2019.<br \/>\nIl BMW Team Italia competer\u00e0 nel Campionato Italiano Gran Turismo con due vetture, l&#8217; M6 GT3 e la nuova M4 GT4.<\/p>\n<p><strong>Calendario gare 2019\u00a0<\/strong><br \/>\n5-7 aprile | Monza (Endurance)<br \/>\n3-5 maggio | Vallelunga (Sprint)<br \/>\n17-19 maggio | Misano (Endurance)<br \/>\n21-23 giugno | Imola (Sprint)<br \/>\n19-21 luglio | Mugello (Sprint)<br \/>\n13-15 settembre | Vallelunga (Endurance)<br \/>\n4-6 ottobre | Mugello (Endurance)<br \/>\n18-20 ottobre | Monza (Sprint)<\/p>\n","protected":false},"excerpt":{"rendered":"<p>Italfil \u00e8 partner ufficiale del BMW Team Italia per la stagione 2019. Il BMW Team Italia competer\u00e0 nel Campionato Italiano Gran Turismo con due vetture, l&#8217; M6 GT3 e la nuova M4 GT4. Calendario gare 2019\u00a0 5-7 aprile | Monza (Endurance) 3-5 maggio | Vallelunga (Sprint) 17-19 maggio | Misano (Endurance) 21-23 giugno | Imola &hellip;<\/p>\n","protected":false},"author":3,"featured_media":4155,"comment_status":"closed","ping_status":"open","sticky":false,"template":"","format":"standard","meta":[],"categories":[75],"tags":[],"yoast_head":"<!-- This site is optimized with the Yoast SEO plugin v18.2 - https:\/\/yoast.com\/wordpress\/plugins\/seo\/ -->\n<title>2019- Italfil \u00e8 partner ufficiale del BMW Team Italia | Italfil<\/title>\n<meta name=\"description\" content=\"Italfil \u00e8 partner ufficiale del BMW Team Italia per la stagione 2019. Il BMW Team Italia competer\u00e0 nel Campionato Italiano Gran Turismo con due vetture,\" \/>\n<meta name=\"robots\" content=\"index, follow, max-snippet:-1, max-image-preview:large, max-video-preview:-1\" \/>\n<link rel=\"canonical\" href=\"https:\/\/www.italfil.it\/it\/2019-italfil-partner-of-bmw-team-italia\/\" \/>\n<meta property=\"og:locale\" content=\"it_IT\" \/>\n<meta property=\"og:type\" content=\"article\" \/>\n<meta property=\"og:title\" content=\"2019- Italfil \u00e8 partner ufficiale del BMW Team Italia | Italfil\" \/>\n<meta property=\"og:description\" content=\"Italfil \u00e8 partner ufficiale del BMW Team Italia per la stagione 2019. Il BMW Team Italia competer\u00e0 nel Campionato Italiano Gran Turismo con due vetture,\" \/>\n<meta property=\"og:url\" content=\"https:\/\/www.italfil.it\/it\/2019-italfil-partner-of-bmw-team-italia\/\" \/>\n<meta property=\"og:site_name\" content=\"Italfil\" \/>\n<meta property=\"article:publisher\" content=\"https:\/\/www.facebook.com\/italfil\/\" \/>\n<meta property=\"article:published_time\" content=\"2019-05-10T13:06:38+00:00\" \/>\n<meta property=\"article:modified_time\" content=\"2019-05-13T07:52:32+00:00\" \/>\n<meta property=\"og:image\" content=\"https:\/\/www.italfil.it\/wp-content\/uploads\/2019\/05\/RIGL7956-scaled.jpg\" \/>\n\t<meta property=\"og:image:width\" content=\"2560\" \/>\n\t<meta property=\"og:image:height\" content=\"1707\" \/>\n\t<meta property=\"og:image:type\" content=\"image\/jpeg\" \/>\n<meta name=\"twitter:card\" content=\"summary_large_image\" \/>\n<meta name=\"twitter:label1\" content=\"Scritto da\" \/>\n\t<meta name=\"twitter:data1\" content=\"Francesco\" \/>\n<script type=\"application\/ld+json\" class=\"yoast-schema-graph\">{\"@context\":\"https:\/\/schema.org\",\"@graph\":[{\"@type\":\"Organization\",\"@id\":\"https:\/\/www.italfil.it\/de\/#organization\",\"name\":\"Italfil\",\"url\":\"https:\/\/www.italfil.it\/de\/\",\"sameAs\":[\"https:\/\/www.facebook.com\/italfil\/\",\"https:\/\/www.instagram.com\/italfil_italia\/\"],\"logo\":{\"@type\":\"ImageObject\",\"@id\":\"https:\/\/www.italfil.it\/de\/#logo\",\"inLanguage\":\"it-IT\",\"url\":\"https:\/\/www.italfil.it\/wp-content\/uploads\/2018\/06\/italfil-marchio-bandiera.png\",\"contentUrl\":\"https:\/\/www.italfil.it\/wp-content\/uploads\/2018\/06\/italfil-marchio-bandiera.png\",\"width\":1036,\"height\":1010,\"caption\":\"Italfil\"},\"image\":{\"@id\":\"https:\/\/www.italfil.it\/de\/#logo\"}},{\"@type\":\"WebSite\",\"@id\":\"https:\/\/www.italfil.it\/de\/#website\",\"url\":\"https:\/\/www.italfil.it\/de\/\",\"name\":\"Italfil\",\"description\":\"Realt\u00e0 in movimento\",\"publisher\":{\"@id\":\"https:\/\/www.italfil.it\/de\/#organization\"},\"potentialAction\":[{\"@type\":\"SearchAction\",\"target\":{\"@type\":\"EntryPoint\",\"urlTemplate\":\"https:\/\/www.italfil.it\/de\/?s={search_term_string}\"},\"query-input\":\"required name=search_term_string\"}],\"inLanguage\":\"it-IT\"},{\"@type\":\"ImageObject\",\"@id\":\"https:\/\/www.italfil.it\/it\/2019-italfil-partner-of-bmw-team-italia\/#primaryimage\",\"inLanguage\":\"it-IT\",\"url\":\"https:\/\/www.italfil.it\/wp-content\/uploads\/2019\/05\/RIGL7956-scaled.jpg\",\"contentUrl\":\"https:\/\/www.italfil.it\/wp-content\/uploads\/2019\/05\/RIGL7956-scaled.jpg\",\"width\":2560,\"height\":1707},{\"@type\":\"WebPage\",\"@id\":\"https:\/\/www.italfil.it\/it\/2019-italfil-partner-of-bmw-team-italia\/#webpage\",\"url\":\"https:\/\/www.italfil.it\/it\/2019-italfil-partner-of-bmw-team-italia\/\",\"name\":\"2019- Italfil \u00e8 partner ufficiale del BMW Team Italia | Italfil\",\"isPartOf\":{\"@id\":\"https:\/\/www.italfil.it\/de\/#website\"},\"primaryImageOfPage\":{\"@id\":\"https:\/\/www.italfil.it\/it\/2019-italfil-partner-of-bmw-team-italia\/#primaryimage\"},\"datePublished\":\"2019-05-10T13:06:38+00:00\",\"dateModified\":\"2019-05-13T07:52:32+00:00\",\"description\":\"Italfil \u00e8 partner ufficiale del BMW Team Italia per la stagione 2019. Il BMW Team Italia competer\u00e0 nel Campionato Italiano Gran Turismo con due vetture,\",\"breadcrumb\":{\"@id\":\"https:\/\/www.italfil.it\/it\/2019-italfil-partner-of-bmw-team-italia\/#breadcrumb\"},\"inLanguage\":\"it-IT\",\"potentialAction\":[{\"@type\":\"ReadAction\",\"target\":[\"https:\/\/www.italfil.it\/it\/2019-italfil-partner-of-bmw-team-italia\/\"]}]},{\"@type\":\"BreadcrumbList\",\"@id\":\"https:\/\/www.italfil.it\/it\/2019-italfil-partner-of-bmw-team-italia\/#breadcrumb\",\"itemListElement\":[{\"@type\":\"ListItem\",\"position\":1,\"name\":\"Home\",\"item\":\"https:\/\/www.italfil.it\/it\/\"},{\"@type\":\"ListItem\",\"position\":2,\"name\":\"2019- Italfil \u00e8 partner ufficiale del BMW Team Italia\"}]},{\"@type\":\"Article\",\"@id\":\"https:\/\/www.italfil.it\/it\/2019-italfil-partner-of-bmw-team-italia\/#article\",\"isPartOf\":{\"@id\":\"https:\/\/www.italfil.it\/it\/2019-italfil-partner-of-bmw-team-italia\/#webpage\"},\"author\":{\"@id\":\"https:\/\/www.italfil.it\/de\/#\/schema\/person\/4faa8ab0d3a068eedb5694a479c35686\"},\"headline\":\"2019- Italfil \u00e8 partner ufficiale del BMW Team Italia\",\"datePublished\":\"2019-05-10T13:06:38+00:00\",\"dateModified\":\"2019-05-13T07:52:32+00:00\",\"mainEntityOfPage\":{\"@id\":\"https:\/\/www.italfil.it\/it\/2019-italfil-partner-of-bmw-team-italia\/#webpage\"},\"wordCount\":73,\"publisher\":{\"@id\":\"https:\/\/www.italfil.it\/de\/#organization\"},\"image\":{\"@id\":\"https:\/\/www.italfil.it\/it\/2019-italfil-partner-of-bmw-team-italia\/#primaryimage\"},\"thumbnailUrl\":\"https:\/\/www.italfil.it\/wp-content\/uploads\/2019\/05\/RIGL7956-scaled.jpg\",\"articleSection\":[\"Sponsorship\"],\"inLanguage\":\"it-IT\"},{\"@type\":\"Person\",\"@id\":\"https:\/\/www.italfil.it\/de\/#\/schema\/person\/4faa8ab0d3a068eedb5694a479c35686\",\"name\":\"Francesco\",\"image\":{\"@type\":\"ImageObject\",\"@id\":\"https:\/\/www.italfil.it\/de\/#personlogo\",\"inLanguage\":\"it-IT\",\"url\":\"https:\/\/secure.gravatar.com\/avatar\/9d3da9735d98df4efdbabf19adba7769?s=96&d=mm&r=g\",\"contentUrl\":\"https:\/\/secure.gravatar.com\/avatar\/9d3da9735d98df4efdbabf19adba7769?s=96&d=mm&r=g\",\"caption\":\"Francesco\"}}]}<\/script>\n<!-- \/ Yoast SEO plugin. -->","yoast_head_json":{"title":"2019- Italfil \u00e8 partner ufficiale del BMW Team Italia | Italfil","description":"Italfil \u00e8 partner ufficiale del BMW Team Italia per la stagione 2019. Il BMW Team Italia competer\u00e0 nel Campionato Italiano Gran Turismo con due vetture,","robots":{"index":"index","follow":"follow","max-snippet":"max-snippet:-1","max-image-preview":"max-image-preview:large","max-video-preview":"max-video-preview:-1"},"canonical":"https:\/\/www.italfil.it\/it\/2019-italfil-partner-of-bmw-team-italia\/","og_locale":"it_IT","og_type":"article","og_title":"2019- Italfil \u00e8 partner ufficiale del BMW Team Italia | Italfil","og_description":"Italfil \u00e8 partner ufficiale del BMW Team Italia per la stagione 2019. Il BMW Team Italia competer\u00e0 nel Campionato Italiano Gran Turismo con due vetture,","og_url":"https:\/\/www.italfil.it\/it\/2019-italfil-partner-of-bmw-team-italia\/","og_site_name":"Italfil","article_publisher":"https:\/\/www.facebook.com\/italfil\/","article_published_time":"2019-05-10T13:06:38+00:00","article_modified_time":"2019-05-13T07:52:32+00:00","og_image":[{"width":2560,"height":1707,"url":"https:\/\/www.italfil.it\/wp-content\/uploads\/2019\/05\/RIGL7956-scaled.jpg","type":"image\/jpeg"}],"twitter_card":"summary_large_image","twitter_misc":{"Scritto da":"Francesco"},"schema":{"@context":"https:\/\/schema.org","@graph":[{"@type":"Organization","@id":"https:\/\/www.italfil.it\/de\/#organization","name":"Italfil","url":"https:\/\/www.italfil.it\/de\/","sameAs":["https:\/\/www.facebook.com\/italfil\/","https:\/\/www.instagram.com\/italfil_italia\/"],"logo":{"@type":"ImageObject","@id":"https:\/\/www.italfil.it\/de\/#logo","inLanguage":"it-IT","url":"https:\/\/www.italfil.it\/wp-content\/uploads\/2018\/06\/italfil-marchio-bandiera.png","contentUrl":"https:\/\/www.italfil.it\/wp-content\/uploads\/2018\/06\/italfil-marchio-bandiera.png","width":1036,"height":1010,"caption":"Italfil"},"image":{"@id":"https:\/\/www.italfil.it\/de\/#logo"}},{"@type":"WebSite","@id":"https:\/\/www.italfil.it\/de\/#website","url":"https:\/\/www.italfil.it\/de\/","name":"Italfil","description":"Realt\u00e0 in movimento","publisher":{"@id":"https:\/\/www.italfil.it\/de\/#organization"},"potentialAction":[{"@type":"SearchAction","target":{"@type":"EntryPoint","urlTemplate":"https:\/\/www.italfil.it\/de\/?s={search_term_string}"},"query-input":"required name=search_term_string"}],"inLanguage":"it-IT"},{"@type":"ImageObject","@id":"https:\/\/www.italfil.it\/it\/2019-italfil-partner-of-bmw-team-italia\/#primaryimage","inLanguage":"it-IT","url":"https:\/\/www.italfil.it\/wp-content\/uploads\/2019\/05\/RIGL7956-scaled.jpg","contentUrl":"https:\/\/www.italfil.it\/wp-content\/uploads\/2019\/05\/RIGL7956-scaled.jpg","width":2560,"height":1707},{"@type":"WebPage","@id":"https:\/\/www.italfil.it\/it\/2019-italfil-partner-of-bmw-team-italia\/#webpage","url":"https:\/\/www.italfil.it\/it\/2019-italfil-partner-of-bmw-team-italia\/","name":"2019- Italfil \u00e8 partner ufficiale del BMW Team Italia | Italfil","isPartOf":{"@id":"https:\/\/www.italfil.it\/de\/#website"},"primaryImageOfPage":{"@id":"https:\/\/www.italfil.it\/it\/2019-italfil-partner-of-bmw-team-italia\/#primaryimage"},"datePublished":"2019-05-10T13:06:38+00:00","dateModified":"2019-05-13T07:52:32+00:00","description":"Italfil \u00e8 partner ufficiale del BMW Team Italia per la stagione 2019. Il BMW Team Italia competer\u00e0 nel Campionato Italiano Gran Turismo con due vetture,","breadcrumb":{"@id":"https:\/\/www.italfil.it\/it\/2019-italfil-partner-of-bmw-team-italia\/#breadcrumb"},"inLanguage":"it-IT","potentialAction":[{"@type":"ReadAction","target":["https:\/\/www.italfil.it\/it\/2019-italfil-partner-of-bmw-team-italia\/"]}]},{"@type":"BreadcrumbList","@id":"https:\/\/www.italfil.it\/it\/2019-italfil-partner-of-bmw-team-italia\/#breadcrumb","itemListElement":[{"@type":"ListItem","position":1,"name":"Home","item":"https:\/\/www.italfil.it\/it\/"},{"@type":"ListItem","position":2,"name":"2019- Italfil \u00e8 partner ufficiale del BMW Team Italia"}]},{"@type":"Article","@id":"https:\/\/www.italfil.it\/it\/2019-italfil-partner-of-bmw-team-italia\/#article","isPartOf":{"@id":"https:\/\/www.italfil.it\/it\/2019-italfil-partner-of-bmw-team-italia\/#webpage"},"author":{"@id":"https:\/\/www.italfil.it\/de\/#\/schema\/person\/4faa8ab0d3a068eedb5694a479c35686"},"headline":"2019- Italfil \u00e8 partner ufficiale del BMW Team Italia","datePublished":"2019-05-10T13:06:38+00:00","dateModified":"2019-05-13T07:52:32+00:00","mainEntityOfPage":{"@id":"https:\/\/www.italfil.it\/it\/2019-italfil-partner-of-bmw-team-italia\/#webpage"},"wordCount":73,"publisher":{"@id":"https:\/\/www.italfil.it\/de\/#organization"},"image":{"@id":"https:\/\/www.italfil.it\/it\/2019-italfil-partner-of-bmw-team-italia\/#primaryimage"},"thumbnailUrl":"https:\/\/www.italfil.it\/wp-content\/uploads\/2019\/05\/RIGL7956-scaled.jpg","articleSection":["Sponsorship"],"inLanguage":"it-IT"},{"@type":"Person","@id":"https:\/\/www.italfil.it\/de\/#\/schema\/person\/4faa8ab0d3a068eedb5694a479c35686","name":"Francesco","image":{"@type":"ImageObject","@id":"https:\/\/www.italfil.it\/de\/#personlogo","inLanguage":"it-IT","url":"https:\/\/secure.gravatar.com\/avatar\/9d3da9735d98df4efdbabf19adba7769?s=96&d=mm&r=g","contentUrl":"https:\/\/secure.gravatar.com\/avatar\/9d3da9735d98df4efdbabf19adba7769?s=96&d=mm&r=g","caption":"Francesco"}}]}},"_links":{"self":[{"href":"https:\/\/www.italfil.it\/it\/wp-json\/wp\/v2\/posts\/4154"}],"collection":[{"href":"https:\/\/www.italfil.it\/it\/wp-json\/wp\/v2\/posts"}],"about":[{"href":"https:\/\/www.italfil.it\/it\/wp-json\/wp\/v2\/types\/post"}],"author":[{"embeddable":true,"href":"https:\/\/www.italfil.it\/it\/wp-json\/wp\/v2\/users\/3"}],"replies":[{"embeddable":true,"href":"https:\/\/www.italfil.it\/it\/wp-json\/wp\/v2\/comments?post=4154"}],"version-history":[{"count":5,"href":"https:\/\/www.italfil.it\/it\/wp-json\/wp\/v2\/posts\/4154\/revisions"}],"predecessor-version":[{"id":4293,"href":"https:\/\/www.italfil.it\/it\/wp-json\/wp\/v2\/posts\/4154\/revisions\/4293"}],"wp:featuredmedia":[{"embeddable":true,"href":"https:\/\/www.italfil.it\/it\/wp-json\/wp\/v2\/media\/4155"}],"wp:attachment":[{"href":"https:\/\/www.italfil.it\/it\/wp-json\/wp\/v2\/media?parent=4154"}],"wp:term":[{"taxonomy":"category","embeddable":true,"href":"https:\/\/www.italfil.it\/it\/wp-json\/wp\/v2\/categories?post=4154"},{"taxonomy":"post_tag","embeddable":true,"href":"https:\/\/www.italfil.it\/it\/wp-json\/wp\/v2\/tags?post=4154"}],"curies":[{"name":"wp","href":"https:\/\/api.w.org\/{rel}","templated":true}]}}