{"id":6705,"date":"2025-04-10T09:30:32","date_gmt":"2025-04-10T07:30:32","guid":{"rendered":"https:\/\/www.italfil.it\/?p=6705"},"modified":"2025-03-20T09:51:20","modified_gmt":"2025-03-20T08:51:20","slug":"design-corbeille-fil-lart-dallier-forme-et-fonction","status":"publish","type":"post","link":"https:\/\/www.italfil.it\/fr\/design-corbeille-fil-lart-dallier-forme-et-fonction\/","title":{"rendered":"Design Corbeille Fil: L&rsquo;Art d&rsquo;Allier Forme et Fonction"},"content":{"rendered":"<h1 class=\"text-2xl font-bold mt-1 text-text-200\">Design et Fonctionnalit\u00e9: L&rsquo;Art de la Corbeille en Fil<\/h1>\n<p class=\"whitespace-pre-wrap break-words\">Dans l&rsquo;univers du mobilier professionnel, le <strong>design corbeille fil<\/strong> a connu une \u00e9volution remarquable, transformant un simple accessoire utilitaire en un \u00e9l\u00e9ment qui combine harmonieusement esth\u00e9tique et praticit\u00e9. Cette fusion entre forme et fonction illustre parfaitement les tendances contemporaines en mati\u00e8re d&rsquo;am\u00e9nagement d&rsquo;espaces de travail.<\/p>\n<h2 class=\"text-xl font-bold text-text-200 mt-1 -mb-0.5\">L&rsquo;\u00c9volution Esth\u00e9tique des Corbeilles en Fil<\/h2>\n<h3 class=\"text-lg font-bold text-text-200 mt-1 -mb-1.5\">De l&rsquo;Utilitaire \u00e0 l&rsquo;Objet Design<\/h3>\n<p class=\"whitespace-pre-wrap break-words\">Le parcours du <strong>design corbeille fil<\/strong> t\u00e9moigne d&rsquo;une mutation profonde dans notre approche des accessoires professionnels. Autrefois purement fonctionnelles, les corbeilles en fil m\u00e9tallique sont aujourd&rsquo;hui con\u00e7ues avec une attention particuli\u00e8re port\u00e9e \u00e0 leur apparence.<\/p>\n<h4 class=\"text-base font-bold text-text-200 mt-1\">Influences Historiques<\/h4>\n<p class=\"whitespace-pre-wrap break-words\">Les racines esth\u00e9tiques remontent au design industriel du milieu du XXe si\u00e8cle, p\u00e9riode o\u00f9 la transparence et la l\u00e9g\u00e8ret\u00e9 des structures m\u00e9talliques ont commenc\u00e9 \u00e0 \u00eatre valoris\u00e9es. Le Bauhaus et le mouvement moderniste ont particuli\u00e8rement influenc\u00e9 cette approche o\u00f9 forme et fonction sont intrins\u00e8quement li\u00e9es.<\/p>\n<h4 class=\"text-base font-bold text-text-200 mt-1\">Tendances Contemporaines<\/h4>\n<p class=\"whitespace-pre-wrap break-words\">Aujourd&rsquo;hui, le <strong>design corbeille fil<\/strong> s&rsquo;inspire de courants vari\u00e9s :<\/p>\n<ul class=\"[&amp;:not(:last-child)_ul]:pb-1 [&amp;:not(:last-child)_ol]:pb-1 list-disc space-y-1.5 pl-7\">\n<li class=\"whitespace-normal break-words\">Minimalisme scandinave<\/li>\n<li class=\"whitespace-normal break-words\">Esth\u00e9tique industrielle revitalis\u00e9e<\/li>\n<li class=\"whitespace-normal break-words\">Lignes organiques et fluides<\/li>\n<li class=\"whitespace-normal break-words\">G\u00e9om\u00e9trie pr\u00e9cise et \u00e9pur\u00e9e<\/li>\n<\/ul>\n<h3 class=\"text-lg font-bold text-text-200 mt-1 -mb-1.5\">L&rsquo;Importance de la Silhouette<\/h3>\n<h4 class=\"text-base font-bold text-text-200 mt-1\">Lignes et Proportions<\/h4>\n<p class=\"whitespace-pre-wrap break-words\">La qualit\u00e9 d&rsquo;un <strong>design corbeille fil<\/strong> se mesure \u00e0 l&rsquo;\u00e9quilibre de ses proportions. Les designers accordent une attention particuli\u00e8re \u00e0 :<\/p>\n<ul class=\"[&amp;:not(:last-child)_ul]:pb-1 [&amp;:not(:last-child)_ol]:pb-1 list-disc space-y-1.5 pl-7\">\n<li class=\"whitespace-normal break-words\">L&rsquo;harmonie des dimensions<\/li>\n<li class=\"whitespace-normal break-words\">La fluidit\u00e9 des courbes<\/li>\n<li class=\"whitespace-normal break-words\">La puret\u00e9 des lignes droites<\/li>\n<li class=\"whitespace-normal break-words\">Le rythme cr\u00e9\u00e9 par la r\u00e9p\u00e9tition des fils<\/li>\n<\/ul>\n<h4 class=\"text-base font-bold text-text-200 mt-1\">Impact Visuel<\/h4>\n<p class=\"whitespace-pre-wrap break-words\">La silhouette d&rsquo;une corbeille bien con\u00e7ue contribue significativement \u00e0 l&rsquo;atmosph\u00e8re de l&rsquo;espace :<\/p>\n<ul class=\"[&amp;:not(:last-child)_ul]:pb-1 [&amp;:not(:last-child)_ol]:pb-1 list-disc space-y-1.5 pl-7\">\n<li class=\"whitespace-normal break-words\">L\u00e9g\u00e8ret\u00e9 visuelle gr\u00e2ce \u00e0 la structure a\u00e9r\u00e9e<\/li>\n<li class=\"whitespace-normal break-words\">Jeux d&rsquo;ombres et de lumi\u00e8re \u00e0 travers les fils<\/li>\n<li class=\"whitespace-normal break-words\">Pr\u00e9sence discr\u00e8te mais affirm\u00e9e<\/li>\n<\/ul>\n<h2 class=\"text-xl font-bold text-text-200 mt-1 -mb-0.5\">Mariage de la Forme et de la Fonction<\/h2>\n<h3 class=\"text-lg font-bold text-text-200 mt-1 -mb-1.5\">L&rsquo;Ergonomie au Service de l&rsquo;Esth\u00e9tique<\/h3>\n<p class=\"whitespace-pre-wrap break-words\">Le v\u00e9ritable accomplissement du <strong>design corbeille fil<\/strong> r\u00e9side dans sa capacit\u00e9 \u00e0 rendre la fonctionnalit\u00e9 \u00e9l\u00e9gante.<\/p>\n<h4 class=\"text-base font-bold text-text-200 mt-1\">Accessibilit\u00e9 Intuitive<\/h4>\n<p class=\"whitespace-pre-wrap break-words\">Un design r\u00e9ussi facilite naturellement l&rsquo;usage :<\/p>\n<ul class=\"[&amp;:not(:last-child)_ul]:pb-1 [&amp;:not(:last-child)_ol]:pb-1 list-disc space-y-1.5 pl-7\">\n<li class=\"whitespace-normal break-words\">Ouvertures dimensionn\u00e9es pour une prise en main confortable<\/li>\n<li class=\"whitespace-normal break-words\">Hauteur adapt\u00e9e \u00e0 une utilisation sans effort<\/li>\n<li class=\"whitespace-normal break-words\">Visibilit\u00e9 optimale du contenu<\/li>\n<\/ul>\n<h4 class=\"text-base font-bold text-text-200 mt-1\">Manipulation Simplifi\u00e9e<\/h4>\n<p class=\"whitespace-pre-wrap break-words\">L&rsquo;ergonomie se manifeste \u00e9galement dans les d\u00e9tails pratiques :<\/p>\n<ul class=\"[&amp;:not(:last-child)_ul]:pb-1 [&amp;:not(:last-child)_ol]:pb-1 list-disc space-y-1.5 pl-7\">\n<li class=\"whitespace-normal break-words\">Poign\u00e9es int\u00e9gr\u00e9es subtilement au design<\/li>\n<li class=\"whitespace-normal break-words\">Bords adoucis pour \u00e9viter les accrochages<\/li>\n<li class=\"whitespace-normal break-words\">Structure l\u00e9g\u00e8re facilitant le d\u00e9placement<\/li>\n<\/ul>\n<h3 class=\"text-lg font-bold text-text-200 mt-1 -mb-1.5\">Adaptabilit\u00e9 Fonctionnelle<\/h3>\n<h4 class=\"text-base font-bold text-text-200 mt-1\">Modularit\u00e9 \u00c9l\u00e9gante<\/h4>\n<p class=\"whitespace-pre-wrap break-words\">Les meilleures expressions du <strong>design corbeille fil<\/strong> int\u00e8grent une flexibilit\u00e9 d&rsquo;usage sans compromettre l&rsquo;esth\u00e9tique :<\/p>\n<ul class=\"[&amp;:not(:last-child)_ul]:pb-1 [&amp;:not(:last-child)_ol]:pb-1 list-disc space-y-1.5 pl-7\">\n<li class=\"whitespace-normal break-words\">Syst\u00e8mes d&#8217;empilage invisibles<\/li>\n<li class=\"whitespace-normal break-words\">Composants additionnels s&rsquo;int\u00e9grant harmonieusement<\/li>\n<li class=\"whitespace-normal break-words\">Transformations possibles selon les besoins<\/li>\n<\/ul>\n<h4 class=\"text-base font-bold text-text-200 mt-1\">Polyvalence Discr\u00e8te<\/h4>\n<p class=\"whitespace-pre-wrap break-words\">La capacit\u00e9 d&rsquo;adaptation se manifeste subtilement :<\/p>\n<ul class=\"[&amp;:not(:last-child)_ul]:pb-1 [&amp;:not(:last-child)_ol]:pb-1 list-disc space-y-1.5 pl-7\">\n<li class=\"whitespace-normal break-words\">Formes universelles convenant \u00e0 divers contenus<\/li>\n<li class=\"whitespace-normal break-words\">Transitions fluides entre diff\u00e9rentes configurations<\/li>\n<li class=\"whitespace-normal break-words\">Compatibilit\u00e9 avec d&rsquo;autres \u00e9l\u00e9ments de rangement<\/li>\n<\/ul>\n<h2 class=\"text-xl font-bold text-text-200 mt-1 -mb-0.5\">Mat\u00e9riaux et Finitions : L&rsquo;Expression du Style<\/h2>\n<h3 class=\"text-lg font-bold text-text-200 mt-1 -mb-1.5\">Choix des Mat\u00e9riaux<\/h3>\n<h4 class=\"text-base font-bold text-text-200 mt-1\">M\u00e9tal et Expressions<\/h4>\n<p class=\"whitespace-pre-wrap break-words\">Le fil m\u00e9tallique, mat\u00e9riau principal, offre diverses possibilit\u00e9s expressives :<\/p>\n<ul class=\"[&amp;:not(:last-child)_ul]:pb-1 [&amp;:not(:last-child)_ol]:pb-1 list-disc space-y-1.5 pl-7\">\n<li class=\"whitespace-normal break-words\">Acier : robustesse et pr\u00e9sence affirm\u00e9e<\/li>\n<li class=\"whitespace-normal break-words\">Aluminium : l\u00e9g\u00e8ret\u00e9 et modernit\u00e9<\/li>\n<li class=\"whitespace-normal break-words\">Alliages sp\u00e9ciaux : finesse et r\u00e9sistance accrue<\/li>\n<\/ul>\n<h4 class=\"text-base font-bold text-text-200 mt-1\">Combinaisons Innovantes<\/h4>\n<p class=\"whitespace-pre-wrap break-words\">Le <strong>design corbeille fil<\/strong> contemporain explore les associations de mat\u00e9riaux :<\/p>\n<ul class=\"[&amp;:not(:last-child)_ul]:pb-1 [&amp;:not(:last-child)_ol]:pb-1 list-disc space-y-1.5 pl-7\">\n<li class=\"whitespace-normal break-words\">Insertions de bois pour une touche chaleureuse<\/li>\n<li class=\"whitespace-normal break-words\">Composants en verre pour un effet premium<\/li>\n<li class=\"whitespace-normal break-words\">\u00c9l\u00e9ments textiles pour adoucir la rigidit\u00e9 du m\u00e9tal<\/li>\n<\/ul>\n<h3 class=\"text-lg font-bold text-text-200 mt-1 -mb-1.5\">Finitions et Textures<\/h3>\n<h4 class=\"text-base font-bold text-text-200 mt-1\">Traitements de Surface<\/h4>\n<p class=\"whitespace-pre-wrap break-words\">La finition transforme radicalement la perception du <strong>design corbeille fil<\/strong> :<\/p>\n<ul class=\"[&amp;:not(:last-child)_ul]:pb-1 [&amp;:not(:last-child)_ol]:pb-1 list-disc space-y-1.5 pl-7\">\n<li class=\"whitespace-normal break-words\">Chrome brillant : reflets dynamiques et \u00e9l\u00e9gance classique<\/li>\n<li class=\"whitespace-normal break-words\">Poudrage mat : toucher velout\u00e9 et sophistication discr\u00e8te<\/li>\n<li class=\"whitespace-normal break-words\">Patines sp\u00e9ciales : profondeur et caract\u00e8re unique<\/li>\n<\/ul>\n<h4 class=\"text-base font-bold text-text-200 mt-1\">Jeux de Textures<\/h4>\n<p class=\"whitespace-pre-wrap break-words\">Les designers exploitent les contrastes tactiles :<\/p>\n<ul class=\"[&amp;:not(:last-child)_ul]:pb-1 [&amp;:not(:last-child)_ol]:pb-1 list-disc space-y-1.5 pl-7\">\n<li class=\"whitespace-normal break-words\">Alternance de surfaces lisses et textur\u00e9es<\/li>\n<li class=\"whitespace-normal break-words\">Variations dans l&rsquo;\u00e9paisseur des fils<\/li>\n<li class=\"whitespace-normal break-words\">Motifs cr\u00e9\u00e9s par les espacements variables<\/li>\n<\/ul>\n<h2 class=\"text-xl font-bold text-text-200 mt-1 -mb-0.5\">Couleur et Expression<\/h2>\n<h3 class=\"text-lg font-bold text-text-200 mt-1 -mb-1.5\">Palettes Chromatiques<\/h3>\n<h4 class=\"text-base font-bold text-text-200 mt-1\">Tendances Actuelles<\/h4>\n<p class=\"whitespace-pre-wrap break-words\">Les couleurs dominantes dans le <strong>design corbeille fil<\/strong> contemporain :<\/p>\n<ul class=\"[&amp;:not(:last-child)_ul]:pb-1 [&amp;:not(:last-child)_ol]:pb-1 list-disc space-y-1.5 pl-7\">\n<li class=\"whitespace-normal break-words\">Tons neutres intemporels (noir, blanc, gris)<\/li>\n<li class=\"whitespace-normal break-words\">Pastels doux pour une ambiance apaisante<\/li>\n<li class=\"whitespace-normal break-words\">Teintes m\u00e9tallis\u00e9es pour une touche sophistiqu\u00e9e<\/li>\n<li class=\"whitespace-normal break-words\">Couleurs vives comme accents ponctuels<\/li>\n<\/ul>\n<h4 class=\"text-base font-bold text-text-200 mt-1\">Symbolique Chromatique<\/h4>\n<p class=\"whitespace-pre-wrap break-words\">Le choix des couleurs contribue \u00e0 l&rsquo;identit\u00e9 visuelle :<\/p>\n<ul class=\"[&amp;:not(:last-child)_ul]:pb-1 [&amp;:not(:last-child)_ol]:pb-1 list-disc space-y-1.5 pl-7\">\n<li class=\"whitespace-normal break-words\">Noir : \u00e9l\u00e9gance et professionnalisme<\/li>\n<li class=\"whitespace-normal break-words\">Blanc : puret\u00e9 et modernit\u00e9<\/li>\n<li class=\"whitespace-normal break-words\">Couleurs vives : dynamisme et cr\u00e9ativit\u00e9<\/li>\n<\/ul>\n<h3 class=\"text-lg font-bold text-text-200 mt-1 -mb-1.5\">Int\u00e9gration dans l&rsquo;Espace<\/h3>\n<h4 class=\"text-base font-bold text-text-200 mt-1\">Harmonie Visuelle<\/h4>\n<p class=\"whitespace-pre-wrap break-words\">L&rsquo;int\u00e9gration r\u00e9ussie d&rsquo;un <strong>design corbeille fil<\/strong> dans un environnement n\u00e9cessite :<\/p>\n<ul class=\"[&amp;:not(:last-child)_ul]:pb-1 [&amp;:not(:last-child)_ol]:pb-1 list-disc space-y-1.5 pl-7\">\n<li class=\"whitespace-normal break-words\">Coh\u00e9rence avec la palette chromatique existante<\/li>\n<li class=\"whitespace-normal break-words\">Respect du style g\u00e9n\u00e9ral de l&rsquo;espace<\/li>\n<li class=\"whitespace-normal break-words\">Cr\u00e9ation d&rsquo;un dialogue visuel avec les autres \u00e9l\u00e9ments<\/li>\n<\/ul>\n<h4 class=\"text-base font-bold text-text-200 mt-1\">Codage Couleur Fonctionnel<\/h4>\n<p class=\"whitespace-pre-wrap break-words\">Au-del\u00e0 de l&rsquo;esth\u00e9tique, la couleur peut servir des objectifs pratiques :<\/p>\n<ul class=\"[&amp;:not(:last-child)_ul]:pb-1 [&amp;:not(:last-child)_ol]:pb-1 list-disc space-y-1.5 pl-7\">\n<li class=\"whitespace-normal break-words\">Identification des cat\u00e9gories de rangement<\/li>\n<li class=\"whitespace-normal break-words\">Signalisation des priorit\u00e9s<\/li>\n<li class=\"whitespace-normal break-words\">Organisation visuelle de l&rsquo;espace<\/li>\n<\/ul>\n<h2 class=\"text-xl font-bold text-text-200 mt-1 -mb-0.5\">Innovations et Perspectives d&rsquo;Avenir<\/h2>\n<h3 class=\"text-lg font-bold text-text-200 mt-1 -mb-1.5\">Nouvelles Approches Cr\u00e9atives<\/h3>\n<h4 class=\"text-base font-bold text-text-200 mt-1\">Exp\u00e9rimentations Formelles<\/h4>\n<p class=\"whitespace-pre-wrap break-words\">Le <strong>design corbeille fil<\/strong> continue d&rsquo;\u00e9voluer \u00e0 travers des recherches innovantes :<\/p>\n<ul class=\"[&amp;:not(:last-child)_ul]:pb-1 [&amp;:not(:last-child)_ol]:pb-1 list-disc space-y-1.5 pl-7\">\n<li class=\"whitespace-normal break-words\">Formes biomim\u00e9tiques inspir\u00e9es de la nature<\/li>\n<li class=\"whitespace-normal break-words\">Structures math\u00e9matiques complexes<\/li>\n<li class=\"whitespace-normal break-words\">Silhouettes asym\u00e9triques et dynamiques<\/li>\n<\/ul>\n<h4 class=\"text-base font-bold text-text-200 mt-1\">Fabrication Avanc\u00e9e<\/h4>\n<p class=\"whitespace-pre-wrap break-words\">Les techniques de production modernes ouvrent de nouvelles possibilit\u00e9s :<\/p>\n<ul class=\"[&amp;:not(:last-child)_ul]:pb-1 [&amp;:not(:last-child)_ol]:pb-1 list-disc space-y-1.5 pl-7\">\n<li class=\"whitespace-normal break-words\">Impression 3D de composants m\u00e9talliques<\/li>\n<li class=\"whitespace-normal break-words\">Pliage automatis\u00e9 permettant des g\u00e9om\u00e9tries complexes<\/li>\n<li class=\"whitespace-normal break-words\">Soudures invisibles pour une esth\u00e9tique \u00e9pur\u00e9e<\/li>\n<\/ul>\n<h3 class=\"text-lg font-bold text-text-200 mt-1 -mb-1.5\">D\u00e9veloppement Durable<\/h3>\n<h4 class=\"text-base font-bold text-text-200 mt-1\">\u00c9co-conception<\/h4>\n<p class=\"whitespace-pre-wrap break-words\">Le <strong>design corbeille fil<\/strong> int\u00e8gre progressivement des pr\u00e9occupations environnementales :<\/p>\n<ul class=\"[&amp;:not(:last-child)_ul]:pb-1 [&amp;:not(:last-child)_ol]:pb-1 list-disc space-y-1.5 pl-7\">\n<li class=\"whitespace-normal break-words\">Utilisation de mat\u00e9riaux recycl\u00e9s<\/li>\n<li class=\"whitespace-normal break-words\">Conception facilitant le recyclage en fin de vie<\/li>\n<li class=\"whitespace-normal break-words\">R\u00e9duction des d\u00e9chets de production<\/li>\n<\/ul>\n<h4 class=\"text-base font-bold text-text-200 mt-1\">Long\u00e9vit\u00e9 Esth\u00e9tique<\/h4>\n<p class=\"whitespace-pre-wrap break-words\">La durabilit\u00e9 s&rsquo;exprime \u00e9galement par des designs intemporels :<\/p>\n<ul class=\"[&amp;:not(:last-child)_ul]:pb-1 [&amp;:not(:last-child)_ol]:pb-1 list-disc space-y-1.5 pl-7\">\n<li class=\"whitespace-normal break-words\">Styles r\u00e9sistant aux effets de mode<\/li>\n<li class=\"whitespace-normal break-words\">Qualit\u00e9 visuelle persistante malgr\u00e9 l&rsquo;usage<\/li>\n<li class=\"whitespace-normal break-words\">Adaptabilit\u00e9 aux \u00e9volutions de la d\u00e9coration<\/li>\n<\/ul>\n<h2 class=\"text-xl font-bold text-text-200 mt-1 -mb-0.5\">Conclusion<\/h2>\n<p class=\"whitespace-pre-wrap break-words\">Le <strong>design corbeille fil<\/strong> illustre parfaitement comment un objet utilitaire peut transcender sa fonction premi\u00e8re pour devenir un \u00e9l\u00e9ment significatif de l&rsquo;esth\u00e9tique d&rsquo;un espace professionnel. En combinant habilement forme, fonction, mat\u00e9riaux et finitions, ces accessoires contribuent \u00e0 cr\u00e9er des environnements de travail \u00e0 la fois pratiques et visuellement harmonieux.<\/p>\n<p class=\"whitespace-pre-wrap break-words\">L&rsquo;attention port\u00e9e \u00e0 ces d\u00e9tails refl\u00e8te une approche holistique de l&rsquo;am\u00e9nagement professionnel, o\u00f9 chaque \u00e9l\u00e9ment, m\u00eame le plus humble, participe \u00e0 l&rsquo;exp\u00e9rience globale de l&rsquo;espace. Dans cette perspective, la corbeille en fil m\u00e9tallique devient bien plus qu&rsquo;un simple contenant \u2013 elle s&rsquo;affirme comme un t\u00e9moignage tangible de la culture du design contemporain.<\/p>\n","protected":false},"excerpt":{"rendered":"<p>Design et Fonctionnalit\u00e9: L&rsquo;Art de la Corbeille en Fil Dans l&rsquo;univers du mobilier professionnel, le design corbeille fil a connu une \u00e9volution remarquable, transformant un simple accessoire utilitaire en un \u00e9l\u00e9ment qui combine harmonieusement esth\u00e9tique et praticit\u00e9. Cette fusion entre forme et fonction illustre parfaitement les tendances contemporaines en mati\u00e8re d&rsquo;am\u00e9nagement d&rsquo;espaces de travail. L&rsquo;\u00c9volution &hellip;<\/p>\n","protected":false},"author":5,"featured_media":5992,"comment_status":"closed","ping_status":"open","sticky":false,"template":"","format":"standard","meta":[],"categories":[137],"tags":[],"yoast_head":"<!-- This site is optimized with the Yoast SEO plugin v18.2 - https:\/\/yoast.com\/wordpress\/plugins\/seo\/ -->\n<title>Design Corbeille Fil : L&#039;Art d&#039;Allier Forme et Fonction<\/title>\n<meta name=\"description\" content=\"D\u00e9couvrez comment le design des corbeilles en fil m\u00e9tallique allie esth\u00e9tique et fonctionnalit\u00e9. Tendances, styles et conseils pour choisir des solutions \u00e9l\u00e9gantes et pratiques.\" \/>\n<meta name=\"robots\" content=\"index, follow, max-snippet:-1, max-image-preview:large, max-video-preview:-1\" \/>\n<link rel=\"canonical\" href=\"https:\/\/www.italfil.it\/fr\/design-corbeille-fil-lart-dallier-forme-et-fonction\/\" \/>\n<meta property=\"og:locale\" content=\"fr_FR\" \/>\n<meta property=\"og:type\" content=\"article\" \/>\n<meta property=\"og:title\" content=\"Design Corbeille Fil : L&#039;Art d&#039;Allier Forme et Fonction\" \/>\n<meta property=\"og:description\" content=\"D\u00e9couvrez comment le design des corbeilles en fil m\u00e9tallique allie esth\u00e9tique et fonctionnalit\u00e9. Tendances, styles et conseils pour choisir des solutions \u00e9l\u00e9gantes et pratiques.\" \/>\n<meta property=\"og:url\" content=\"https:\/\/www.italfil.it\/fr\/design-corbeille-fil-lart-dallier-forme-et-fonction\/\" \/>\n<meta property=\"og:site_name\" content=\"Italfil\" \/>\n<meta property=\"article:publisher\" content=\"https:\/\/www.facebook.com\/italfil\/\" \/>\n<meta property=\"article:published_time\" content=\"2025-04-10T07:30:32+00:00\" \/>\n<meta property=\"article:modified_time\" content=\"2025-03-20T08:51:20+00:00\" \/>\n<meta property=\"og:image\" content=\"https:\/\/www.italfil.it\/wp-content\/uploads\/2018\/06\/Contorno-pallet-G12-120x100-cod.101.000.00.Z.jpg\" \/>\n\t<meta property=\"og:image:width\" content=\"800\" \/>\n\t<meta property=\"og:image:height\" content=\"800\" \/>\n\t<meta property=\"og:image:type\" content=\"image\/jpeg\" \/>\n<meta name=\"twitter:card\" content=\"summary_large_image\" \/>\n<meta name=\"twitter:label1\" content=\"\u00c9crit par\" \/>\n\t<meta name=\"twitter:data1\" content=\"Cristina Pasotti\" \/>\n\t<meta name=\"twitter:label2\" content=\"Dur\u00e9e de lecture estim\u00e9e\" \/>\n\t<meta name=\"twitter:data2\" content=\"5 minutes\" \/>\n<script type=\"application\/ld+json\" class=\"yoast-schema-graph\">{\"@context\":\"https:\/\/schema.org\",\"@graph\":[{\"@type\":\"Organization\",\"@id\":\"https:\/\/www.italfil.it\/de\/#organization\",\"name\":\"Italfil\",\"url\":\"https:\/\/www.italfil.it\/de\/\",\"sameAs\":[\"https:\/\/www.facebook.com\/italfil\/\",\"https:\/\/www.instagram.com\/italfil_italia\/\"],\"logo\":{\"@type\":\"ImageObject\",\"@id\":\"https:\/\/www.italfil.it\/de\/#logo\",\"inLanguage\":\"fr-FR\",\"url\":\"https:\/\/www.italfil.it\/wp-content\/uploads\/2018\/06\/italfil-marchio-bandiera.png\",\"contentUrl\":\"https:\/\/www.italfil.it\/wp-content\/uploads\/2018\/06\/italfil-marchio-bandiera.png\",\"width\":1036,\"height\":1010,\"caption\":\"Italfil\"},\"image\":{\"@id\":\"https:\/\/www.italfil.it\/de\/#logo\"}},{\"@type\":\"WebSite\",\"@id\":\"https:\/\/www.italfil.it\/de\/#website\",\"url\":\"https:\/\/www.italfil.it\/de\/\",\"name\":\"Italfil\",\"description\":\"Realt\u00e0 in movimento\",\"publisher\":{\"@id\":\"https:\/\/www.italfil.it\/de\/#organization\"},\"potentialAction\":[{\"@type\":\"SearchAction\",\"target\":{\"@type\":\"EntryPoint\",\"urlTemplate\":\"https:\/\/www.italfil.it\/de\/?s={search_term_string}\"},\"query-input\":\"required name=search_term_string\"}],\"inLanguage\":\"fr-FR\"},{\"@type\":\"ImageObject\",\"@id\":\"https:\/\/www.italfil.it\/fr\/design-corbeille-fil-lart-dallier-forme-et-fonction\/#primaryimage\",\"inLanguage\":\"fr-FR\",\"url\":\"https:\/\/www.italfil.it\/wp-content\/uploads\/2018\/06\/Contorno-pallet-G12-120x100-cod.101.000.00.Z.jpg\",\"contentUrl\":\"https:\/\/www.italfil.it\/wp-content\/uploads\/2018\/06\/Contorno-pallet-G12-120x100-cod.101.000.00.Z.jpg\",\"width\":800,\"height\":800,\"caption\":\"Contorno-pallet-G12-120x100-cod.101.000.00.Z\"},{\"@type\":\"WebPage\",\"@id\":\"https:\/\/www.italfil.it\/fr\/design-corbeille-fil-lart-dallier-forme-et-fonction\/#webpage\",\"url\":\"https:\/\/www.italfil.it\/fr\/design-corbeille-fil-lart-dallier-forme-et-fonction\/\",\"name\":\"Design Corbeille Fil : L'Art d'Allier Forme et Fonction\",\"isPartOf\":{\"@id\":\"https:\/\/www.italfil.it\/de\/#website\"},\"primaryImageOfPage\":{\"@id\":\"https:\/\/www.italfil.it\/fr\/design-corbeille-fil-lart-dallier-forme-et-fonction\/#primaryimage\"},\"datePublished\":\"2025-04-10T07:30:32+00:00\",\"dateModified\":\"2025-03-20T08:51:20+00:00\",\"description\":\"D\u00e9couvrez comment le design des corbeilles en fil m\u00e9tallique allie esth\u00e9tique et fonctionnalit\u00e9. Tendances, styles et conseils pour choisir des solutions \u00e9l\u00e9gantes et pratiques.\",\"breadcrumb\":{\"@id\":\"https:\/\/www.italfil.it\/fr\/design-corbeille-fil-lart-dallier-forme-et-fonction\/#breadcrumb\"},\"inLanguage\":\"fr-FR\",\"potentialAction\":[{\"@type\":\"ReadAction\",\"target\":[\"https:\/\/www.italfil.it\/fr\/design-corbeille-fil-lart-dallier-forme-et-fonction\/\"]}]},{\"@type\":\"BreadcrumbList\",\"@id\":\"https:\/\/www.italfil.it\/fr\/design-corbeille-fil-lart-dallier-forme-et-fonction\/#breadcrumb\",\"itemListElement\":[{\"@type\":\"ListItem\",\"position\":1,\"name\":\"Home\",\"item\":\"https:\/\/www.italfil.it\/fr\/\"},{\"@type\":\"ListItem\",\"position\":2,\"name\":\"Design Corbeille Fil: L&rsquo;Art d&rsquo;Allier Forme et Fonction\"}]},{\"@type\":\"Article\",\"@id\":\"https:\/\/www.italfil.it\/fr\/design-corbeille-fil-lart-dallier-forme-et-fonction\/#article\",\"isPartOf\":{\"@id\":\"https:\/\/www.italfil.it\/fr\/design-corbeille-fil-lart-dallier-forme-et-fonction\/#webpage\"},\"author\":{\"@id\":\"https:\/\/www.italfil.it\/de\/#\/schema\/person\/d3d5f84b413d94dc3c6517ba8ff14af4\"},\"headline\":\"Design Corbeille Fil: L&rsquo;Art d&rsquo;Allier Forme et Fonction\",\"datePublished\":\"2025-04-10T07:30:32+00:00\",\"dateModified\":\"2025-03-20T08:51:20+00:00\",\"mainEntityOfPage\":{\"@id\":\"https:\/\/www.italfil.it\/fr\/design-corbeille-fil-lart-dallier-forme-et-fonction\/#webpage\"},\"wordCount\":996,\"publisher\":{\"@id\":\"https:\/\/www.italfil.it\/de\/#organization\"},\"image\":{\"@id\":\"https:\/\/www.italfil.it\/fr\/design-corbeille-fil-lart-dallier-forme-et-fonction\/#primaryimage\"},\"thumbnailUrl\":\"https:\/\/www.italfil.it\/wp-content\/uploads\/2018\/06\/Contorno-pallet-G12-120x100-cod.101.000.00.Z.jpg\",\"articleSection\":[\"\u00c9v\u00e9nements\"],\"inLanguage\":\"fr-FR\"},{\"@type\":\"Person\",\"@id\":\"https:\/\/www.italfil.it\/de\/#\/schema\/person\/d3d5f84b413d94dc3c6517ba8ff14af4\",\"name\":\"Cristina Pasotti\",\"image\":{\"@type\":\"ImageObject\",\"@id\":\"https:\/\/www.italfil.it\/de\/#personlogo\",\"inLanguage\":\"fr-FR\",\"url\":\"https:\/\/secure.gravatar.com\/avatar\/3ad3089a8996233693916f4b57bbe335?s=96&d=mm&r=g\",\"contentUrl\":\"https:\/\/secure.gravatar.com\/avatar\/3ad3089a8996233693916f4b57bbe335?s=96&d=mm&r=g\",\"caption\":\"Cristina Pasotti\"}}]}<\/script>\n<!-- \/ Yoast SEO plugin. -->","yoast_head_json":{"title":"Design Corbeille Fil : L'Art d'Allier Forme et Fonction","description":"D\u00e9couvrez comment le design des corbeilles en fil m\u00e9tallique allie esth\u00e9tique et fonctionnalit\u00e9. Tendances, styles et conseils pour choisir des solutions \u00e9l\u00e9gantes et pratiques.","robots":{"index":"index","follow":"follow","max-snippet":"max-snippet:-1","max-image-preview":"max-image-preview:large","max-video-preview":"max-video-preview:-1"},"canonical":"https:\/\/www.italfil.it\/fr\/design-corbeille-fil-lart-dallier-forme-et-fonction\/","og_locale":"fr_FR","og_type":"article","og_title":"Design Corbeille Fil : L'Art d'Allier Forme et Fonction","og_description":"D\u00e9couvrez comment le design des corbeilles en fil m\u00e9tallique allie esth\u00e9tique et fonctionnalit\u00e9. Tendances, styles et conseils pour choisir des solutions \u00e9l\u00e9gantes et pratiques.","og_url":"https:\/\/www.italfil.it\/fr\/design-corbeille-fil-lart-dallier-forme-et-fonction\/","og_site_name":"Italfil","article_publisher":"https:\/\/www.facebook.com\/italfil\/","article_published_time":"2025-04-10T07:30:32+00:00","article_modified_time":"2025-03-20T08:51:20+00:00","og_image":[{"width":800,"height":800,"url":"https:\/\/www.italfil.it\/wp-content\/uploads\/2018\/06\/Contorno-pallet-G12-120x100-cod.101.000.00.Z.jpg","type":"image\/jpeg"}],"twitter_card":"summary_large_image","twitter_misc":{"\u00c9crit par":"Cristina Pasotti","Dur\u00e9e de lecture estim\u00e9e":"5 minutes"},"schema":{"@context":"https:\/\/schema.org","@graph":[{"@type":"Organization","@id":"https:\/\/www.italfil.it\/de\/#organization","name":"Italfil","url":"https:\/\/www.italfil.it\/de\/","sameAs":["https:\/\/www.facebook.com\/italfil\/","https:\/\/www.instagram.com\/italfil_italia\/"],"logo":{"@type":"ImageObject","@id":"https:\/\/www.italfil.it\/de\/#logo","inLanguage":"fr-FR","url":"https:\/\/www.italfil.it\/wp-content\/uploads\/2018\/06\/italfil-marchio-bandiera.png","contentUrl":"https:\/\/www.italfil.it\/wp-content\/uploads\/2018\/06\/italfil-marchio-bandiera.png","width":1036,"height":1010,"caption":"Italfil"},"image":{"@id":"https:\/\/www.italfil.it\/de\/#logo"}},{"@type":"WebSite","@id":"https:\/\/www.italfil.it\/de\/#website","url":"https:\/\/www.italfil.it\/de\/","name":"Italfil","description":"Realt\u00e0 in movimento","publisher":{"@id":"https:\/\/www.italfil.it\/de\/#organization"},"potentialAction":[{"@type":"SearchAction","target":{"@type":"EntryPoint","urlTemplate":"https:\/\/www.italfil.it\/de\/?s={search_term_string}"},"query-input":"required name=search_term_string"}],"inLanguage":"fr-FR"},{"@type":"ImageObject","@id":"https:\/\/www.italfil.it\/fr\/design-corbeille-fil-lart-dallier-forme-et-fonction\/#primaryimage","inLanguage":"fr-FR","url":"https:\/\/www.italfil.it\/wp-content\/uploads\/2018\/06\/Contorno-pallet-G12-120x100-cod.101.000.00.Z.jpg","contentUrl":"https:\/\/www.italfil.it\/wp-content\/uploads\/2018\/06\/Contorno-pallet-G12-120x100-cod.101.000.00.Z.jpg","width":800,"height":800,"caption":"Contorno-pallet-G12-120x100-cod.101.000.00.Z"},{"@type":"WebPage","@id":"https:\/\/www.italfil.it\/fr\/design-corbeille-fil-lart-dallier-forme-et-fonction\/#webpage","url":"https:\/\/www.italfil.it\/fr\/design-corbeille-fil-lart-dallier-forme-et-fonction\/","name":"Design Corbeille Fil : L'Art d'Allier Forme et Fonction","isPartOf":{"@id":"https:\/\/www.italfil.it\/de\/#website"},"primaryImageOfPage":{"@id":"https:\/\/www.italfil.it\/fr\/design-corbeille-fil-lart-dallier-forme-et-fonction\/#primaryimage"},"datePublished":"2025-04-10T07:30:32+00:00","dateModified":"2025-03-20T08:51:20+00:00","description":"D\u00e9couvrez comment le design des corbeilles en fil m\u00e9tallique allie esth\u00e9tique et fonctionnalit\u00e9. Tendances, styles et conseils pour choisir des solutions \u00e9l\u00e9gantes et pratiques.","breadcrumb":{"@id":"https:\/\/www.italfil.it\/fr\/design-corbeille-fil-lart-dallier-forme-et-fonction\/#breadcrumb"},"inLanguage":"fr-FR","potentialAction":[{"@type":"ReadAction","target":["https:\/\/www.italfil.it\/fr\/design-corbeille-fil-lart-dallier-forme-et-fonction\/"]}]},{"@type":"BreadcrumbList","@id":"https:\/\/www.italfil.it\/fr\/design-corbeille-fil-lart-dallier-forme-et-fonction\/#breadcrumb","itemListElement":[{"@type":"ListItem","position":1,"name":"Home","item":"https:\/\/www.italfil.it\/fr\/"},{"@type":"ListItem","position":2,"name":"Design Corbeille Fil: L&rsquo;Art d&rsquo;Allier Forme et Fonction"}]},{"@type":"Article","@id":"https:\/\/www.italfil.it\/fr\/design-corbeille-fil-lart-dallier-forme-et-fonction\/#article","isPartOf":{"@id":"https:\/\/www.italfil.it\/fr\/design-corbeille-fil-lart-dallier-forme-et-fonction\/#webpage"},"author":{"@id":"https:\/\/www.italfil.it\/de\/#\/schema\/person\/d3d5f84b413d94dc3c6517ba8ff14af4"},"headline":"Design Corbeille Fil: L&rsquo;Art d&rsquo;Allier Forme et Fonction","datePublished":"2025-04-10T07:30:32+00:00","dateModified":"2025-03-20T08:51:20+00:00","mainEntityOfPage":{"@id":"https:\/\/www.italfil.it\/fr\/design-corbeille-fil-lart-dallier-forme-et-fonction\/#webpage"},"wordCount":996,"publisher":{"@id":"https:\/\/www.italfil.it\/de\/#organization"},"image":{"@id":"https:\/\/www.italfil.it\/fr\/design-corbeille-fil-lart-dallier-forme-et-fonction\/#primaryimage"},"thumbnailUrl":"https:\/\/www.italfil.it\/wp-content\/uploads\/2018\/06\/Contorno-pallet-G12-120x100-cod.101.000.00.Z.jpg","articleSection":["\u00c9v\u00e9nements"],"inLanguage":"fr-FR"},{"@type":"Person","@id":"https:\/\/www.italfil.it\/de\/#\/schema\/person\/d3d5f84b413d94dc3c6517ba8ff14af4","name":"Cristina Pasotti","image":{"@type":"ImageObject","@id":"https:\/\/www.italfil.it\/de\/#personlogo","inLanguage":"fr-FR","url":"https:\/\/secure.gravatar.com\/avatar\/3ad3089a8996233693916f4b57bbe335?s=96&d=mm&r=g","contentUrl":"https:\/\/secure.gravatar.com\/avatar\/3ad3089a8996233693916f4b57bbe335?s=96&d=mm&r=g","caption":"Cristina Pasotti"}}]}},"_links":{"self":[{"href":"https:\/\/www.italfil.it\/fr\/wp-json\/wp\/v2\/posts\/6705"}],"collection":[{"href":"https:\/\/www.italfil.it\/fr\/wp-json\/wp\/v2\/posts"}],"about":[{"href":"https:\/\/www.italfil.it\/fr\/wp-json\/wp\/v2\/types\/post"}],"author":[{"embeddable":true,"href":"https:\/\/www.italfil.it\/fr\/wp-json\/wp\/v2\/users\/5"}],"replies":[{"embeddable":true,"href":"https:\/\/www.italfil.it\/fr\/wp-json\/wp\/v2\/comments?post=6705"}],"version-history":[{"count":2,"href":"https:\/\/www.italfil.it\/fr\/wp-json\/wp\/v2\/posts\/6705\/revisions"}],"predecessor-version":[{"id":6707,"href":"https:\/\/www.italfil.it\/fr\/wp-json\/wp\/v2\/posts\/6705\/revisions\/6707"}],"wp:featuredmedia":[{"embeddable":true,"href":"https:\/\/www.italfil.it\/fr\/wp-json\/wp\/v2\/media\/5992"}],"wp:attachment":[{"href":"https:\/\/www.italfil.it\/fr\/wp-json\/wp\/v2\/media?parent=6705"}],"wp:term":[{"taxonomy":"category","embeddable":true,"href":"https:\/\/www.italfil.it\/fr\/wp-json\/wp\/v2\/categories?post=6705"},{"taxonomy":"post_tag","embeddable":true,"href":"https:\/\/www.italfil.it\/fr\/wp-json\/wp\/v2\/tags?post=6705"}],"curies":[{"name":"wp","href":"https:\/\/api.w.org\/{rel}","templated":true}]}}